{"id":5962,"date":"2023-06-06T18:27:53","date_gmt":"2023-06-06T18:27:53","guid":{"rendered":"https:\/\/darknoisemagazine.cl\/?p=5962"},"modified":"2023-06-06T18:27:59","modified_gmt":"2023-06-06T18:27:59","slug":"dark-tranquillity-en-chile-29-de-agosto-blondie","status":"publish","type":"post","link":"https:\/\/darknoisemagazine.cl\/index.php\/2023\/06\/06\/dark-tranquillity-en-chile-29-de-agosto-blondie\/","title":{"rendered":"Dark Tranquillity en Chile 29 de Agosto &#8211; Blondie"},"content":{"rendered":"\n<p>Los suecos de <strong>Dark Tranquillity <\/strong>regresan a Chile en el marco de una nueva gira latinoamericana, presentando su \u00faltimo trabajo<strong> Moment <\/strong>(2020). Adem\u00e1s de sus cl\u00e1sicas canciones, que la han catapultado como uno de los referentes del Death Metal Mel\u00f3dico.<\/p>\n\n\n\n<p>Formados en 1989 Dark Tranquillity, debutaron con su \u00e1lbum <strong>Skydancer <\/strong>en 1993, trabajo que abri\u00f3 el camino en el circuito Europeo. Pero no fue hasta el lanzamiento de<strong> Projector<\/strong>, su cuarta placa, que el mundo del metal se rindi\u00f3 a sus pies. Incluso obteniendo el Grammy al mejor \u00e1lbum de metal, un trabajo en donde utilizaron voces limpias en casi gran parte del disco, llen\u00e1ndose de elogios de la prensa especializada.<\/p>\n\n\n\n<p>El 2020 luego de la salida de Niklas de la banda, Dark Tranquillity anuncia el ingreso de los guitarristas <strong>Johan Reinholdz<\/strong> y el gran <strong>Christopher Amott<\/strong>, quien fuera fundador de Arch Enemy junto a su hermano Michael Amott. Completan la formaci\u00f3n su vocalista <strong>Mikael Stanne,<\/strong> <strong>Christian Jansson<\/strong> en el bajo, <strong>Martin Br\u00e4ndtr\u00f6m<\/strong> en teclados y&nbsp; <strong>Joakim Stranberg Nilsson<\/strong> en bater\u00eda.<\/p>\n\n\n\n<p>Hoy ya cuentan con 11 trabajos de estudio y regresan a nuestro pa\u00eds el <strong>29 de agosto al Club Blondie<\/strong> para presentar <strong>Moment,<\/strong> lanzado bajo el sello Century Media Records, y tambi\u00e9n rememorar&nbsp; sus grandes canciones que har\u00e1n de esta una jornada muy especial.<\/p>\n\n\n\n<p>Las entradas a trav\u00e9s de <a href=\"https:\/\/cutt.ly\/Rww43xI7\" target=\"_blank\" rel=\"noreferrer noopener\"><strong>Eventrid.<\/strong><\/a><\/p>\n\n\n\n<p>$32.000 General Preventa<\/p>\n\n\n\n<p>$38.000 General<\/p>\n\n\n\n<ul class=\"wp-block-list\">\n<li>&nbsp;A los valores se les debe sumar cargo por servicio.<\/li>\n<\/ul>\n\n\n\n<p>Link de venta: <a href=\"https:\/\/cutt.ly\/Rww43xI7\" target=\"_blank\" rel=\"noreferrer noopener\">https:\/\/cutt.ly\/Rww43xI7<\/a><\/p>\n\n\n\n<p>Venta f\u00edsica sin cargo desde el lunes 11 de junio en Rockmusic del Eurocentro (solo entrada GENERAL y pago en EFECTIVO).<\/p>\n\n\n\n<p>Produce: @atenea.events&nbsp;&nbsp;&nbsp;<\/p>\n\n\n\n<p>#darktranquillityenchile #darktranquillity&nbsp;<\/p>\n\n\n\n<p>@rockmusictienda&nbsp;&nbsp;<\/p>\n\n\n\n<p>@darktranquillityofficial<\/p>\n\n\n\n\n\n<p><br><\/p>\n\n\n\n<p><br><\/p>\n\n\n\n<p><br><\/p>\n\n\n\n<p><br><br><\/p>\n\n\n\n<p><strong><br><\/strong><\/p>\n\n\n\n<p><br><\/p>\n\n\n\n<p><\/p>\n\n\n\n<p><br><\/p>\n\n\n\n<p><\/p>\n\n\n\n<p><br><\/p>\n\n\n\n<p><br><\/p>\n\n\n\n<p><br><\/p>\n\n\n\n<p><br>, <\/p>\n\n\n\n<p><br><\/p>\n\n\n\n<p><\/p>\n\n\n\n<p><\/p>\n\n\n\n<p><\/p>\n\n\n\n<p><br><\/p>\n\n\n\n<p><br><\/p>\n\n\n\n<p><br><\/p>\n\n\n\n<p><\/p>\n\n\n\n<p><br><strong><br><\/strong><\/p>\n\n\n\n<p><strong><br><\/strong><\/p>\n\n\n\n<p><br><\/p>\n\n\n\n<p><\/p>\n\n\n\n<p><br><\/p>\n\n\n\n<p><\/p>\n\n\n\n<p><br><\/p>\n\n\n\n<p><br><\/p>\n\n\n\n<p><br><\/p>\n\n\n\n<p><br><\/p>\n\n\n\n<p><br><\/p>\n\n\n\n<p><br><\/p>\n\n\n\n<p><br><\/p>\n\n\n\n<p><br><\/p>\n\n\n\n<p><\/p>\n\n\n\n<p><br><\/p>\n\n\n\n<p><br><\/p>\n\n\n\n<p><br><\/p>\n\n\n\n<p><\/p>\n\n\n\n<p><\/p>\n\n\n\n<p><br><\/p>\n\n\n\n<p><br><\/p>\n\n\n\n<p><br><\/p>\n\n\n\n<p><br><\/p>\n\n\n\n<p><br><\/p>\n\n\n\n<p><br><\/p>\n\n\n\n<p><br><\/p>\n\n\n\n<p><\/p>\n\n\n\n<p><\/p>\n\n\n\n<p><br><\/p>\n\n\n\n<p><br><\/p>\n\n\n\n<p><br><\/p>\n\n\n\n<p><\/p>\n\n\n\n<p><\/p>\n\n\n\n<p><\/p>\n\n\n\n<p><br><\/p>\n\n\n\n<p><\/p>\n\n\n\n<p><br><\/p>\n\n\n\n<p><\/p>\n\n\n\n<p><br><\/p>\n\n\n\n<p><strong><br><\/strong><\/p>\n\n\n\n<p><br><\/p>\n\n\n\n\n\n<p><br><\/p>\n\n\n\n<p><br><\/p>\n\n\n\n<p><br><\/p>\n\n\n\n<p><br><\/p>\n\n\n\n<p><br><\/p>\n\n\n\n<p><br><\/p>\n\n\n\n<p><br><strong><br><\/strong><\/p>\n\n\n\n<p><br><strong><br><\/strong><\/p>\n\n\n\n<p><br><\/p>\n\n\n\n<p><br><\/p>\n\n\n\n<p><br><br><\/p>\n\n\n\n<p><br><\/p>\n\n\n\n<p><br><\/p>\n\n\n\n<p><br><\/p>\n\n\n\n<p><br><\/p>\n\n\n\n<p><br><\/p>\n\n\n\n<p><br><\/p>\n\n\n\n<p><br><\/p>\n\n\n\n<p><br><\/p>\n\n\n\n<p><br><\/p>\n\n\n\n<p><strong><br><\/strong><br><br><\/p>\n\n\n\n<p><\/p>\n\n\n\n<p><\/p>\n\n\n\n<p><br><\/p>\n\n\n\n<p><\/p>\n\n\n\n<p><br><\/p>\n\n\n\n<p><br><\/p>\n\n\n\n<p><\/p>\n\n\n\n<p><br><br><\/p>\n\n\n\n<p><br><\/p>\n\n\n\n<p><\/p>\n\n\n\n<p><br><\/p>\n\n\n\n<p><br><\/p>\n\n\n\n<p><\/p>\n\n\n\n<p><br><\/p>\n\n\n\n<p><strong> <\/strong><\/p>\n\n\n\n<p><br><\/p>\n\n\n\n<p><br><\/p>\n\n\n\n<p><br><\/p>\n\n\n\n<p><\/p>\n\n\n\n<p><\/p>\n\n\n\n<p><br><\/p>\n\n\n\n<p><br><\/p>\n\n\n\n<p><br><\/p>\n\n\n\n<p><br><\/p>\n\n\n\n<p><br><br><\/p>\n\n\n\n<p><br><\/p>\n\n\n\n<p><br><\/p>\n\n\n\n<p><br><\/p>\n\n\n\n<p><br><\/p>\n\n\n\n<p> <\/p>\n\n\n\n<p><br><\/p>\n\n\n\n<p><br><\/p>\n\n\n\n<p><br><\/p>\n\n\n\n<p><br><\/p>\n\n\n\n<p><br><\/p>\n\n\n\n<p><br><\/p>\n\n\n\n<p><\/p>\n\n\n\n<p><br><\/p>\n\n\n\n<p><br><\/p>\n\n\n\n<p><br><\/p>\n\n\n\n<p><br><\/p>\n\n\n\n<p><br><\/p>\n\n\n\n<p><br><\/p>\n\n\n\n<p><br><\/p>\n\n\n\n<p><br><\/p>\n\n\n\n<p><br><\/p>\n\n\n\n<p><br><\/p>\n\n\n\n<p><br><\/p>\n\n\n\n<p><br><\/p>\n\n\n\n<p><br><\/p>\n\n\n\n<p><br><\/p>\n\n\n\n<p><br><\/p>\n\n\n\n<p><br><\/p>\n\n\n\n<p><br><\/p>\n\n\n\n<p><br><\/p>\n\n\n\n<p><br><\/p>\n\n\n\n<p><br><\/p>\n\n\n\n<p><\/p>\n\n\n\n<p><br><\/p>\n\n\n\n<p><br><\/p>\n\n\n\n<p><br><\/p>\n\n\n\n<p><br><\/p>\n\n\n\n<p><br><\/p>\n\n\n\n<p><br><\/p>\n\n\n\n<p><br><\/p>\n\n\n\n<p><br><\/p>\n\n\n\n<p><br><\/p>\n\n\n\n<p><br><\/p>\n\n\n\n<p><br><\/p>\n\n\n\n<p><br><\/p>\n\n\n\n<p><br><\/p>\n\n\n\n<p><br><\/p>\n\n\n\n<p><\/p>\n\n\n\n<p><br><br><\/p>\n\n\n\n<p><br><\/p>\n\n\n\n<p><br><\/p>\n\n\n\n<p><br><strong> <\/strong><\/p>\n\n\n\n<p><br><\/p>\n\n\n\n<p><br><\/p>\n\n\n\n<p><br><\/p>\n\n\n\n<p><\/p>\n\n\n\n<p><br> <\/p>\n\n\n\n<p><br><\/p>\n","protected":false},"excerpt":{"rendered":"<p>Los suecos de Dark Tranquillity regresan a Chile en el marco de una nueva gira latinoamericana, presentando su \u00faltimo trabajo Moment (2020). Adem\u00e1s de sus cl\u00e1sicas canciones, que la han catapultado como uno de los referentes del Death Metal Mel\u00f3dico. Formados en 1989 Dark Tranquillity, debutaron con su \u00e1lbum Skydancer en 1993, trabajo que abri\u00f3 [&hellip;]<\/p>\n","protected":false},"author":1,"featured_media":5963,"comment_status":"closed","ping_status":"closed","sticky":false,"template":"","format":"standard","meta":{"_eb_attr":"","footnotes":""},"categories":[36],"tags":[],"class_list":{"0":"post-5962","1":"post","2":"type-post","3":"status-publish","4":"format-standard","5":"has-post-thumbnail","7":"category-noticias"},"_links":{"self":[{"href":"https:\/\/darknoisemagazine.cl\/index.php\/wp-json\/wp\/v2\/posts\/5962","targetHints":{"allow":["GET"]}}],"collection":[{"href":"https:\/\/darknoisemagazine.cl\/index.php\/wp-json\/wp\/v2\/posts"}],"about":[{"href":"https:\/\/darknoisemagazine.cl\/index.php\/wp-json\/wp\/v2\/types\/post"}],"author":[{"embeddable":true,"href":"https:\/\/darknoisemagazine.cl\/index.php\/wp-json\/wp\/v2\/users\/1"}],"replies":[{"embeddable":true,"href":"https:\/\/darknoisemagazine.cl\/index.php\/wp-json\/wp\/v2\/comments?post=5962"}],"version-history":[{"count":1,"href":"https:\/\/darknoisemagazine.cl\/index.php\/wp-json\/wp\/v2\/posts\/5962\/revisions"}],"predecessor-version":[{"id":5964,"href":"https:\/\/darknoisemagazine.cl\/index.php\/wp-json\/wp\/v2\/posts\/5962\/revisions\/5964"}],"wp:featuredmedia":[{"embeddable":true,"href":"https:\/\/darknoisemagazine.cl\/index.php\/wp-json\/wp\/v2\/media\/5963"}],"wp:attachment":[{"href":"https:\/\/darknoisemagazine.cl\/index.php\/wp-json\/wp\/v2\/media?parent=5962"}],"wp:term":[{"taxonomy":"category","embeddable":true,"href":"https:\/\/darknoisemagazine.cl\/index.php\/wp-json\/wp\/v2\/categories?post=5962"},{"taxonomy":"post_tag","embeddable":true,"href":"https:\/\/darknoisemagazine.cl\/index.php\/wp-json\/wp\/v2\/tags?post=5962"}],"curies":[{"name":"wp","href":"https:\/\/api.w.org\/{rel}","templated":true}]}}