{"id":8326,"date":"2025-02-14T21:03:37","date_gmt":"2025-02-14T21:03:37","guid":{"rendered":"https:\/\/darknoisemagazine.cl\/?p=8326"},"modified":"2025-02-14T21:03:38","modified_gmt":"2025-02-14T21:03:38","slug":"los-krupp-las-maquinas-siguen-funcionando-y-con-mas-fuerza-que-nunca","status":"publish","type":"post","link":"https:\/\/darknoisemagazine.cl\/index.php\/2025\/02\/14\/los-krupp-las-maquinas-siguen-funcionando-y-con-mas-fuerza-que-nunca\/","title":{"rendered":"Los Krupp: las m\u00e1quinas siguen funcionando, \u00a1y con m\u00e1s fuerza que nunca!"},"content":{"rendered":"\n<p>Durante 45 a\u00f1os, Die Krupps han sido sin\u00f3nimo de innovaci\u00f3n, energ\u00eda y actitud intransigente. Lo que J\u00fcrgen Engler y Ralf D\u00f6rper han creado es algo m\u00e1s que m\u00fasica: es un movimiento, una banda sonora para la rebeli\u00f3n y el cambio que ha difuminado las fronteras de la EBM, el industrial y el metal y ha tenido un impacto duradero en el panorama musical internacional.<br>En 2025, Die Krupps celebra este extraordinario aniversario con un nuevo cap\u00edtulo: En la segunda mitad del a\u00f1o se publicar\u00e1 su esperado nuevo \u00e1lbum, que captura la esencia de la banda y combina sus puntos fuertes de una manera impresionante. Ritmos duros como m\u00e1quinas se encuentran con melod\u00edas oscuras y atmosf\u00e9ricas, estribillos ant\u00e9micos se funden con letras sin concesiones: Die Krupps siguen fieles a su ADN, pero se reinventan una vez m\u00e1s. Ser\u00e1 un \u00e1lbum que deleitar\u00e1 a los fans de la primera hora y a los nuevos oyentes por igual &#8211; una declaraci\u00f3n que demuestra que esta banda sigue ardiendo despu\u00e9s de 45 a\u00f1os.<\/p>\n\n\n\n<p><br>J\u00fcrgen Engler, la fuerza creativa impulsora y alma incansable de la banda, fundador, visionario musical, compositor y multi-instrumentista, y Ralf D\u00f6rper, el visionario letrista y artista sonoro, est\u00e1n m\u00e1s que preparados para escribir el siguiente cap\u00edtulo en la historia de Die Krupps. Junto con el extraordinario bater\u00eda Paul Keller y el reci\u00e9n llegado y guitarrista Dylan Smith, dejan claro que la revoluci\u00f3n industrial est\u00e1 lejos de haber terminado.<\/p>\n\n\n\n<p><br>Una adici\u00f3n especial a la banda, Dylan Smith, conocido por su tiempo con los legendarios The Sisters of Mercy, ahora refuerza Die Krupps con su presencia \u00fanica en el escenario y su experiencia musical. Smith aporta un soplo de aire fresco y una din\u00e1mica especial al grupo, llevando el ya potente sonido de la banda a un nuevo nivel. Sus contribuciones a\u00f1aden una dimensi\u00f3n extra al pr\u00f3ximo \u00e1lbum: descarnado, potente y cautivador.<\/p>\n\n\n\n<p><br>La pr\u00f3xima gira de aniversario y el nuevo \u00e1lbum son una invitaci\u00f3n a los fans para que vivan en directo la evoluci\u00f3n del grupo: un viaje por el pasado, el presente y el futuro de una de las bandas m\u00e1s influyentes del panorama musical internacional. **Los Krupp no s\u00f3lo forman parte de la historia, sino que siguen escribi\u00e9ndola. 2025 ser\u00e1 ruidoso, intenso e inolvidable.<\/p>\n\n\n\n<figure class=\"wp-block-image size-full\"><img loading=\"lazy\" loading=\"lazy\" decoding=\"async\" width=\"1000\" height=\"1000\" src=\"https:\/\/darknoisemagazine.cl\/wp-content\/uploads\/2025\/02\/dknew25squareedited-1.webp\" alt=\"\" class=\"wp-image-8329\" srcset=\"https:\/\/darknoisemagazine.cl\/wp-content\/uploads\/2025\/02\/dknew25squareedited-1.webp 1000w, https:\/\/darknoisemagazine.cl\/wp-content\/uploads\/2025\/02\/dknew25squareedited-1-300x300.webp 300w, https:\/\/darknoisemagazine.cl\/wp-content\/uploads\/2025\/02\/dknew25squareedited-1-150x150.webp 150w, https:\/\/darknoisemagazine.cl\/wp-content\/uploads\/2025\/02\/dknew25squareedited-1-768x768.webp 768w, https:\/\/darknoisemagazine.cl\/wp-content\/uploads\/2025\/02\/dknew25squareedited-1-860x860.webp 860w\" sizes=\"auto, (max-width: 1000px) 100vw, 1000px\" \/><\/figure>\n\n\n\n<p><\/p>\n","protected":false},"excerpt":{"rendered":"<p>Durante 45 a\u00f1os, Die Krupps han sido sin\u00f3nimo de innovaci\u00f3n, energ\u00eda y actitud intransigente. Lo que J\u00fcrgen Engler y Ralf D\u00f6rper han creado es algo m\u00e1s que m\u00fasica: es un movimiento, una banda sonora para la rebeli\u00f3n y el cambio que ha difuminado las fronteras de la EBM, el industrial y el metal y ha [&hellip;]<\/p>\n","protected":false},"author":1,"featured_media":8328,"comment_status":"closed","ping_status":"closed","sticky":false,"template":"","format":"standard","meta":{"_eb_attr":"","footnotes":""},"categories":[36],"tags":[],"class_list":{"0":"post-8326","1":"post","2":"type-post","3":"status-publish","4":"format-standard","5":"has-post-thumbnail","7":"category-noticias"},"_links":{"self":[{"href":"https:\/\/darknoisemagazine.cl\/index.php\/wp-json\/wp\/v2\/posts\/8326","targetHints":{"allow":["GET"]}}],"collection":[{"href":"https:\/\/darknoisemagazine.cl\/index.php\/wp-json\/wp\/v2\/posts"}],"about":[{"href":"https:\/\/darknoisemagazine.cl\/index.php\/wp-json\/wp\/v2\/types\/post"}],"author":[{"embeddable":true,"href":"https:\/\/darknoisemagazine.cl\/index.php\/wp-json\/wp\/v2\/users\/1"}],"replies":[{"embeddable":true,"href":"https:\/\/darknoisemagazine.cl\/index.php\/wp-json\/wp\/v2\/comments?post=8326"}],"version-history":[{"count":1,"href":"https:\/\/darknoisemagazine.cl\/index.php\/wp-json\/wp\/v2\/posts\/8326\/revisions"}],"predecessor-version":[{"id":8330,"href":"https:\/\/darknoisemagazine.cl\/index.php\/wp-json\/wp\/v2\/posts\/8326\/revisions\/8330"}],"wp:featuredmedia":[{"embeddable":true,"href":"https:\/\/darknoisemagazine.cl\/index.php\/wp-json\/wp\/v2\/media\/8328"}],"wp:attachment":[{"href":"https:\/\/darknoisemagazine.cl\/index.php\/wp-json\/wp\/v2\/media?parent=8326"}],"wp:term":[{"taxonomy":"category","embeddable":true,"href":"https:\/\/darknoisemagazine.cl\/index.php\/wp-json\/wp\/v2\/categories?post=8326"},{"taxonomy":"post_tag","embeddable":true,"href":"https:\/\/darknoisemagazine.cl\/index.php\/wp-json\/wp\/v2\/tags?post=8326"}],"curies":[{"name":"wp","href":"https:\/\/api.w.org\/{rel}","templated":true}]}}