{"id":8489,"date":"2025-03-18T17:09:33","date_gmt":"2025-03-18T17:09:33","guid":{"rendered":"https:\/\/darknoisemagazine.cl\/?p=8489"},"modified":"2025-03-18T17:09:40","modified_gmt":"2025-03-18T17:09:40","slug":"evaristo-paramos-domingo-20-abril-teatro-caupolican","status":"publish","type":"post","link":"https:\/\/darknoisemagazine.cl\/index.php\/2025\/03\/18\/evaristo-paramos-domingo-20-abril-teatro-caupolican\/","title":{"rendered":"Evaristo P\u00e1ramos &#8211; Domingo 20 Abril Teatro caupolican."},"content":{"rendered":"\n<p>Evaristo P\u00e1ramos, uno de los nombres m\u00e1s ic\u00f3nicos y controversiales en la historia del punk rock en espa\u00f1ol, regresa a Chile para lo que podr\u00eda ser su \u00faltima presentaci\u00f3n en nuestro pa\u00eds. Este legendario cantante llega con un formato renovado y definitivo, acompa\u00f1ado por m\u00fasicos de gran trayectoria que han formado parte de sus proyectos m\u00e1s reconocidos.<br>En esta ocasi\u00f3n, Evaristo nos deleitar\u00e1 con un recorrido musical por su extensa carrera. Incluyendo cl\u00e1sicos de La Polla Records, as\u00ed como temas de Gatillazo, The Kagas, The Meas y su proyecto m\u00e1s reciente, Tropa do Carallo.<br>Evaristo Paramos, uno de los pr\u00f3ceres de la incomprensible historia del punk rock en espa\u00f1ol, se presentar\u00e1 en Chile al parecer por \u00faltima vez. El ic\u00f3nico cantante nos visita en un formato nuevo y definitivo, con m\u00fasicos de trayectoria que lo han acompa\u00f1ado en sus m\u00e1s conocidos proyectos.<\/p>\n\n\n\n<figure class=\"wp-block-image size-large\"><img loading=\"lazy\" loading=\"lazy\" decoding=\"async\" width=\"1024\" height=\"632\" src=\"https:\/\/darknoisemagazine.cl\/wp-content\/uploads\/2025\/03\/1160743-1024x632.jpg\" alt=\"\" class=\"wp-image-8490\" srcset=\"https:\/\/darknoisemagazine.cl\/wp-content\/uploads\/2025\/03\/1160743-1024x632.jpg 1024w, https:\/\/darknoisemagazine.cl\/wp-content\/uploads\/2025\/03\/1160743-300x185.jpg 300w, https:\/\/darknoisemagazine.cl\/wp-content\/uploads\/2025\/03\/1160743-768x474.jpg 768w, https:\/\/darknoisemagazine.cl\/wp-content\/uploads\/2025\/03\/1160743-860x531.jpg 860w, https:\/\/darknoisemagazine.cl\/wp-content\/uploads\/2025\/03\/1160743.jpg 1248w\" sizes=\"auto, (max-width: 1024px) 100vw, 1024px\" \/><\/figure>\n\n\n\n<p><br>Est\u00e1 vez nos deleitar\u00e1 tocando un repertorio que hace un recorrido por su carrera, la que comprende en su gran mayor\u00eda cl\u00e1sicos de La Polla Records sin dejar fuera del temas de Gatillazo, The Kagas, The Meas yTropa do Carallo.<br>Este acto de venganza y reivindicaci\u00f3n con Chile busca cerrar un ciclo y despedirse de la mejor manera, con una fiesta llena de himnos y cl\u00e1sicos que har\u00e1n de este concierto inolvidable e hist\u00f3rico. Lo acompa\u00f1ar\u00e1n la destacada banda nacional 10 Botellas, que celebra 30 a\u00f1os de carrera y los catalanes \u00daltimo Rekurso.<br>Las entradas saldr\u00e1n a la venta el viernes 20 de diciembre a las 16:00 por Puntoticket y se habilitar\u00e1n muy pocas entradas f\u00edsicas en la tienda Aguante, Local 62 \u2013 Portal Lyon, Providencia. Desde ya se hace un llamado a la solidaridad, el compa\u00f1erismo y el apoyo mutuo para que este evento tenga en todos un buen sabor y un recuerdo inolvidables.<br>Ni\u00f1os pagan desde los 7 a\u00f1os.<\/p>\n\n\n\n<figure class=\"wp-block-embed is-type-video is-provider-youtube wp-block-embed-youtube wp-embed-aspect-16-9 wp-has-aspect-ratio\"><div class=\"wp-block-embed__wrapper\">\n<iframe loading=\"lazy\" title=\"GATILLAZO &quot;Esclavos del Siglo XXI&quot; - Videoclip oficial\" width=\"1170\" height=\"658\" src=\"https:\/\/www.youtube.com\/embed\/99HnO0kmGUI?feature=oembed\" frameborder=\"0\" allow=\"accelerometer; autoplay; clipboard-write; encrypted-media; gyroscope; picture-in-picture; web-share\" referrerpolicy=\"strict-origin-when-cross-origin\" allowfullscreen><\/iframe>\n<\/div><\/figure>\n\n\n\n<p><\/p>\n","protected":false},"excerpt":{"rendered":"<p>Evaristo P\u00e1ramos, uno de los nombres m\u00e1s ic\u00f3nicos y controversiales en la historia del punk rock en espa\u00f1ol, regresa a Chile para lo que podr\u00eda ser su \u00faltima presentaci\u00f3n en nuestro pa\u00eds. Este legendario cantante llega con un formato renovado y definitivo, acompa\u00f1ado por m\u00fasicos de gran trayectoria que han formado parte de sus proyectos [&hellip;]<\/p>\n","protected":false},"author":1,"featured_media":8491,"comment_status":"closed","ping_status":"closed","sticky":false,"template":"","format":"standard","meta":{"_eb_attr":"","footnotes":""},"categories":[36],"tags":[],"class_list":{"0":"post-8489","1":"post","2":"type-post","3":"status-publish","4":"format-standard","5":"has-post-thumbnail","7":"category-noticias"},"_links":{"self":[{"href":"https:\/\/darknoisemagazine.cl\/index.php\/wp-json\/wp\/v2\/posts\/8489","targetHints":{"allow":["GET"]}}],"collection":[{"href":"https:\/\/darknoisemagazine.cl\/index.php\/wp-json\/wp\/v2\/posts"}],"about":[{"href":"https:\/\/darknoisemagazine.cl\/index.php\/wp-json\/wp\/v2\/types\/post"}],"author":[{"embeddable":true,"href":"https:\/\/darknoisemagazine.cl\/index.php\/wp-json\/wp\/v2\/users\/1"}],"replies":[{"embeddable":true,"href":"https:\/\/darknoisemagazine.cl\/index.php\/wp-json\/wp\/v2\/comments?post=8489"}],"version-history":[{"count":1,"href":"https:\/\/darknoisemagazine.cl\/index.php\/wp-json\/wp\/v2\/posts\/8489\/revisions"}],"predecessor-version":[{"id":8492,"href":"https:\/\/darknoisemagazine.cl\/index.php\/wp-json\/wp\/v2\/posts\/8489\/revisions\/8492"}],"wp:featuredmedia":[{"embeddable":true,"href":"https:\/\/darknoisemagazine.cl\/index.php\/wp-json\/wp\/v2\/media\/8491"}],"wp:attachment":[{"href":"https:\/\/darknoisemagazine.cl\/index.php\/wp-json\/wp\/v2\/media?parent=8489"}],"wp:term":[{"taxonomy":"category","embeddable":true,"href":"https:\/\/darknoisemagazine.cl\/index.php\/wp-json\/wp\/v2\/categories?post=8489"},{"taxonomy":"post_tag","embeddable":true,"href":"https:\/\/darknoisemagazine.cl\/index.php\/wp-json\/wp\/v2\/tags?post=8489"}],"curies":[{"name":"wp","href":"https:\/\/api.w.org\/{rel}","templated":true}]}}